{"id":2834,"date":"2022-05-20T12:00:37","date_gmt":"2022-05-20T11:00:37","guid":{"rendered":"http:\/\/www.gjutarenafve.com\/?p=2834"},"modified":"2022-05-20T12:00:37","modified_gmt":"2022-05-20T11:00:37","slug":"har-svensk-polis-morkat-om-palmemordet","status":"publish","type":"post","link":"http:\/\/www.gjutarenafve.com\/?p=2834","title":{"rendered":"Har svensk polis m\u00f6rkat om Palmemordet"},"content":{"rendered":"\n<p><\/p>\n\n\n\n<figure class=\"wp-block-embed is-type-video is-provider-youtube wp-block-embed-youtube wp-embed-aspect-16-9 wp-has-aspect-ratio\"><div class=\"wp-block-embed__wrapper\">\n<iframe title=\"Har svensk polis m\u00f6rkat om Palmemordet? F\u00f6rsta polisman p\u00e5 plats har en egen version \u2013\u2013 StudioN\" width=\"500\" height=\"281\" src=\"https:\/\/www.youtube.com\/embed\/0NOTMtVoV6o?feature=oembed\" frameborder=\"0\" allow=\"accelerometer; autoplay; clipboard-write; encrypted-media; gyroscope; picture-in-picture; web-share\" referrerpolicy=\"strict-origin-when-cross-origin\" allowfullscreen><\/iframe>\n<\/div><\/figure>\n\n\n\n<p>Kriminalkommissarie G\u00f6sta S\u00f6derstr\u00f6m, f\u00f6rsta polismannen p\u00e5 plats vid mordet p\u00e5 Olof Palme, gicks h\u00e5rt \u00e5t av polisledningen. Nu f\u00e5r vi ber\u00e4ttelsen om varf\u00f6r.<\/p>\n","protected":false},"excerpt":{"rendered":"<div class=\"mh-excerpt\"><p>Kriminalkommissarie G\u00f6sta S\u00f6derstr\u00f6m, f\u00f6rsta polismannen p\u00e5 plats vid mordet p\u00e5 Olof Palme, gicks h\u00e5rt \u00e5t av polisledningen. Nu f\u00e5r vi ber\u00e4ttelsen om varf\u00f6r.<\/p>\n<\/div>","protected":false},"author":2,"featured_media":2836,"comment_status":"open","ping_status":"open","sticky":false,"template":"","format":"standard","meta":{"footnotes":""},"categories":[1],"tags":[932,931,698,699,873,3],"class_list":["post-2834","post","type-post","status-publish","format-standard","has-post-thumbnail","hentry","category-uncategorized","tag-gosta-soderstrom","tag-henry-soderstrom","tag-palme","tag-palmemordet","tag-sveavagen","tag-thomas-gjutarenafve"],"_links":{"self":[{"href":"http:\/\/www.gjutarenafve.com\/index.php?rest_route=\/wp\/v2\/posts\/2834","targetHints":{"allow":["GET"]}}],"collection":[{"href":"http:\/\/www.gjutarenafve.com\/index.php?rest_route=\/wp\/v2\/posts"}],"about":[{"href":"http:\/\/www.gjutarenafve.com\/index.php?rest_route=\/wp\/v2\/types\/post"}],"author":[{"embeddable":true,"href":"http:\/\/www.gjutarenafve.com\/index.php?rest_route=\/wp\/v2\/users\/2"}],"replies":[{"embeddable":true,"href":"http:\/\/www.gjutarenafve.com\/index.php?rest_route=%2Fwp%2Fv2%2Fcomments&post=2834"}],"version-history":[{"count":1,"href":"http:\/\/www.gjutarenafve.com\/index.php?rest_route=\/wp\/v2\/posts\/2834\/revisions"}],"predecessor-version":[{"id":2837,"href":"http:\/\/www.gjutarenafve.com\/index.php?rest_route=\/wp\/v2\/posts\/2834\/revisions\/2837"}],"wp:featuredmedia":[{"embeddable":true,"href":"http:\/\/www.gjutarenafve.com\/index.php?rest_route=\/wp\/v2\/media\/2836"}],"wp:attachment":[{"href":"http:\/\/www.gjutarenafve.com\/index.php?rest_route=%2Fwp%2Fv2%2Fmedia&parent=2834"}],"wp:term":[{"taxonomy":"category","embeddable":true,"href":"http:\/\/www.gjutarenafve.com\/index.php?rest_route=%2Fwp%2Fv2%2Fcategories&post=2834"},{"taxonomy":"post_tag","embeddable":true,"href":"http:\/\/www.gjutarenafve.com\/index.php?rest_route=%2Fwp%2Fv2%2Ftags&post=2834"}],"curies":[{"name":"wp","href":"https:\/\/api.w.org\/{rel}","templated":true}]}}