{"id":3007,"date":"2023-05-15T16:47:44","date_gmt":"2023-05-15T15:47:44","guid":{"rendered":"http:\/\/www.gjutarenafve.com\/?p=3007"},"modified":"2023-05-15T16:50:48","modified_gmt":"2023-05-15T15:50:48","slug":"oskyldigt-domd-5-ars-fangelse","status":"publish","type":"post","link":"http:\/\/www.gjutarenafve.com\/?p=3007","title":{"rendered":"Oskyldigt d\u00f6md &#8211; 5 \u00e5rs f\u00e4ngelse!"},"content":{"rendered":"\n<p>Christian ville hj\u00e4lpa en person som blivit misshandlad. En fin tanke! <\/p>\n\n\n\n<p>Sedan fick jag &#8221;fem \u00e5r i f\u00e4ngelse f\u00f6r den hj\u00e4lpen&#8221;, s\u00e4ger den tilltalade pr\u00e4sten Christian Gyllensegel. <\/p>\n\n\n\n<p>Jag har tittat p\u00e5 domen och uppt\u00e4ckt en del saker som kunde friat Christian fr\u00e5n att bli d\u00f6md f\u00f6r ett brott han inte har gjort. <\/p>\n\n\n\n<p>En elpistol utan Christians dna eller fingeravtryck! <\/p>\n\n\n\n<p>Ett blodigt skoavtryck som inte kommer fr\u00e5n varken m\u00e5ls\u00e4gare eller tilltalad! <\/p>\n\n\n\n<p>En ordensbroder som blandat ihop tv\u00e5 olika personer? <\/p>\n\n\n\n<p>En advokat som inte brytt sig om att kolla att Christians mobiltelefon var p\u00e5 ett annat st\u00e4lle \u00e4n brottsplatsen, vid tillf\u00e4llet. <\/p>\n\n\n\n<p>Ett brev som kommer till Christians Advokats kontor, med namn p\u00e5 de som gjort misshandeln&#8230; <\/p>\n\n\n\n<p>Polis, domstolar och \u00e5klagare \u00e4r totalt ointresserade&#8230; <\/p>\n\n\n\n<p>Att bli anklagad och d\u00f6md f\u00f6r ett brott som n\u00e5gon annan har gjort \u00e4r nog det v\u00e4rsta som kan h\u00e4nda, i det h\u00e4r fallet en dom som \u00e4ven gav 5 \u00e5rs f\u00e4ngelse! <\/p>\n\n\n\n<p>I &#8221;slasken&#8221; hos polisen gav man aldrig \u00e5klagaren alla fakta i m\u00e5let, som kunde frik\u00e4nt Christian p\u00e5 hela \u00e4rendet. <\/p>\n\n\n\n<p>I den h\u00e4r intervjun f\u00e5r vi h\u00f6ra den numera f.d. pr\u00e4sten Christian Gyllensegel, ber\u00e4tta hela historien fr\u00e5n b\u00f6rjan. <\/p>\n\n\n\n<p>F\u00f6r en liten tid sedan skickade Christian in en resningsans\u00f6kan till H\u00f6gsta Domstolen. Inom n\u00e5gra m\u00e5nader f\u00e5r vi se om domstolen anser att en liten m\u00e4nniska som utsatts f\u00f6r ett justitiemord skall f\u00e5 uppr\u00e4ttelse. <\/p>\n\n\n\n<p>Producent Thomas Gjutaren\u00e4fve  <\/p>\n\n\n\n<figure class=\"wp-block-embed is-type-video is-provider-youtube wp-block-embed-youtube wp-embed-aspect-16-9 wp-has-aspect-ratio\"><div class=\"wp-block-embed__wrapper\">\n<iframe title=\"Oskyldigt d\u00f6md! 5 \u00e5rs f\u00e4ngelse!\" width=\"500\" height=\"281\" src=\"https:\/\/www.youtube.com\/embed\/ithhxdWreFI?feature=oembed\" frameborder=\"0\" allow=\"accelerometer; autoplay; clipboard-write; encrypted-media; gyroscope; picture-in-picture; web-share\" referrerpolicy=\"strict-origin-when-cross-origin\" allowfullscreen><\/iframe>\n<\/div><figcaption class=\"wp-element-caption\">Christian Gyllensegel och Thomas Gjutaren\u00e4fve<\/figcaption><\/figure>\n","protected":false},"excerpt":{"rendered":"<div class=\"mh-excerpt\"><p>Christian ville hj\u00e4lpa en person som blivit misshandlad. En fin tanke! Sedan fick jag &#8221;fem \u00e5r i f\u00e4ngelse f\u00f6r den hj\u00e4lpen&#8221;, s\u00e4ger den tilltalade pr\u00e4sten <a class=\"mh-excerpt-more\" href=\"http:\/\/www.gjutarenafve.com\/?p=3007\" title=\"Oskyldigt d\u00f6md &#8211; 5 \u00e5rs f\u00e4ngelse!\">[&#8230;]<\/a><\/p>\n<\/div>","protected":false},"author":2,"featured_media":3010,"comment_status":"open","ping_status":"open","sticky":false,"template":"","format":"standard","meta":{"footnotes":""},"categories":[355],"tags":[1069,1066,1072,250,1068,3],"class_list":["post-3007","post","type-post","status-publish","format-standard","has-post-thumbnail","hentry","category-intervju","tag-aklagare","tag-christian-gyllensegel","tag-misshandel","tag-polis","tag-tempelriddarorden","tag-thomas-gjutarenafve"],"_links":{"self":[{"href":"http:\/\/www.gjutarenafve.com\/index.php?rest_route=\/wp\/v2\/posts\/3007","targetHints":{"allow":["GET"]}}],"collection":[{"href":"http:\/\/www.gjutarenafve.com\/index.php?rest_route=\/wp\/v2\/posts"}],"about":[{"href":"http:\/\/www.gjutarenafve.com\/index.php?rest_route=\/wp\/v2\/types\/post"}],"author":[{"embeddable":true,"href":"http:\/\/www.gjutarenafve.com\/index.php?rest_route=\/wp\/v2\/users\/2"}],"replies":[{"embeddable":true,"href":"http:\/\/www.gjutarenafve.com\/index.php?rest_route=%2Fwp%2Fv2%2Fcomments&post=3007"}],"version-history":[{"count":1,"href":"http:\/\/www.gjutarenafve.com\/index.php?rest_route=\/wp\/v2\/posts\/3007\/revisions"}],"predecessor-version":[{"id":3009,"href":"http:\/\/www.gjutarenafve.com\/index.php?rest_route=\/wp\/v2\/posts\/3007\/revisions\/3009"}],"wp:featuredmedia":[{"embeddable":true,"href":"http:\/\/www.gjutarenafve.com\/index.php?rest_route=\/wp\/v2\/media\/3010"}],"wp:attachment":[{"href":"http:\/\/www.gjutarenafve.com\/index.php?rest_route=%2Fwp%2Fv2%2Fmedia&parent=3007"}],"wp:term":[{"taxonomy":"category","embeddable":true,"href":"http:\/\/www.gjutarenafve.com\/index.php?rest_route=%2Fwp%2Fv2%2Fcategories&post=3007"},{"taxonomy":"post_tag","embeddable":true,"href":"http:\/\/www.gjutarenafve.com\/index.php?rest_route=%2Fwp%2Fv2%2Ftags&post=3007"}],"curies":[{"name":"wp","href":"https:\/\/api.w.org\/{rel}","templated":true}]}}