{"id":3276,"date":"2026-09-06T11:06:23","date_gmt":"2026-09-06T10:06:23","guid":{"rendered":"https:\/\/www.gjutarenafve.com\/?p=3276"},"modified":"2026-09-06T11:06:23","modified_gmt":"2026-09-06T10:06:23","slug":"jag-ger-dig-mediatraning-efter-valet-boka-tidigt-rabatt","status":"publish","type":"post","link":"https:\/\/www.gjutarenafve.com\/?p=3276","title":{"rendered":"Jag ger dig Mediatr\u00e4ning efter valet! Boka tidigt rabatt!"},"content":{"rendered":"\n<p class=\"wp-block-paragraph\">Efter valet den 13 september&#8230;.<\/p>\n\n\n\n<p class=\"wp-block-paragraph\">Mediatr\u00e4ning kommer jag att meddela runt om i landet.<\/p>\n\n\n\n<p class=\"wp-block-paragraph\">Boka tidigt s\u00e5 ger jag 10% rabatt p\u00e5 Mediatr\u00e4ningen! Det tillkommer kostnader f\u00f6r resa och logi.<\/p>\n\n\n\n<p class=\"wp-block-paragraph\">Jag kan f\u00e5 vem som helst att ta flera steg fram\u00e5t, i retorik och bekv\u00e4mlighet med att prata inf\u00f6r st\u00f6rre samlingar!<\/p>\n\n\n\n<p class=\"wp-block-paragraph\">Klicka p\u00e5 l\u00e4nken s\u00e5 f\u00e5r du en Kostnadsfri Guide?  <a href=\"https:\/\/www.svenskmediahantering.se\/\" data-type=\"link\" data-id=\"https:\/\/www.svenskmediahantering.se\/\">https:\/\/www.svenskmediahantering.se\/<\/a><\/p>\n\n\n\n<p class=\"wp-block-paragraph\">I min kostnadsfria guide f\u00e5r du konkreta tips p\u00e5 hur du f\u00f6rbereder dig inf\u00f6r intervjuer, formulerar k\u00e4rnfulla budskap och undviker de vanligaste fallgroparna n\u00e4r journalisten ringer.<\/p>\n\n\n\n<p class=\"wp-block-paragraph\">Det \u00e4r en perfekt introduktion f\u00f6r dig som vill f\u00f6rst\u00e5 grunderna i intervjuteknik och medielogik utan att det kostar en krona.<\/p>\n\n\n\n<p class=\"wp-block-paragraph\">Jag sitter invald i styrelsen f\u00f6r F\u00f6reningen f\u00f6r oberoende Media, sedan 31\/3 2026.<\/p>\n\n\n\n<p class=\"wp-block-paragraph\">F\u00f6reningen Media \u00e4r en intresseorganisation f\u00f6r alla egenf\u00f6retagare som arbetar med text, bild, form, film och ljud inom press, radio, tv, internet, f\u00f6rlag etc.<\/p>\n\n\n\n<p class=\"wp-block-paragraph\">F\u00f6reningen \u00e4r ocks\u00e5 branschpartner till Organisationen &#8221;F\u00f6retagarna&#8221;.<\/p>\n\n\n\n<p class=\"wp-block-paragraph\">Kontakt: Thomas Gjutaren\u00e4fve 0725-595900<\/p>\n\n\n\n<figure class=\"wp-block-image size-large\"><img fetchpriority=\"high\" decoding=\"async\" width=\"1024\" height=\"576\" src=\"https:\/\/www.gjutarenafve.com\/wp-content\/uploads\/2026\/09\/Nyhetsbyra-bakgrund-till-Wallmark-intervjuer-1024x576.png\" alt=\"\" class=\"wp-image-3277\" srcset=\"https:\/\/www.gjutarenafve.com\/wp-content\/uploads\/2026\/09\/Nyhetsbyra-bakgrund-till-Wallmark-intervjuer-1024x576.png 1024w, https:\/\/www.gjutarenafve.com\/wp-content\/uploads\/2026\/09\/Nyhetsbyra-bakgrund-till-Wallmark-intervjuer-170x96.png 170w, https:\/\/www.gjutarenafve.com\/wp-content\/uploads\/2026\/09\/Nyhetsbyra-bakgrund-till-Wallmark-intervjuer-300x169.png 300w, https:\/\/www.gjutarenafve.com\/wp-content\/uploads\/2026\/09\/Nyhetsbyra-bakgrund-till-Wallmark-intervjuer-768x432.png 768w, https:\/\/www.gjutarenafve.com\/wp-content\/uploads\/2026\/09\/Nyhetsbyra-bakgrund-till-Wallmark-intervjuer-678x381.png 678w, https:\/\/www.gjutarenafve.com\/wp-content\/uploads\/2026\/09\/Nyhetsbyra-bakgrund-till-Wallmark-intervjuer.jpg 1280w\" sizes=\"(max-width: 1024px) 100vw, 1024px\" \/><\/figure>\n","protected":false},"excerpt":{"rendered":"<div class=\"mh-excerpt\"><p>Efter valet den 13 september&#8230;. Mediatr\u00e4ning kommer jag att meddela runt om i landet. Boka tidigt s\u00e5 ger jag 10% rabatt p\u00e5 Mediatr\u00e4ningen! Det tillkommer <a class=\"mh-excerpt-more\" href=\"https:\/\/www.gjutarenafve.com\/?p=3276\" title=\"Jag ger dig Mediatr\u00e4ning efter valet! Boka tidigt rabatt!\">[&#8230;]<\/a><\/p>\n<\/div>","protected":false},"author":2,"featured_media":3278,"comment_status":"open","ping_status":"open","sticky":false,"template":"","format":"standard","meta":{"footnotes":""},"categories":[1],"tags":[],"class_list":["post-3276","post","type-post","status-publish","format-standard","has-post-thumbnail","hentry","category-uncategorized"],"_links":{"self":[{"href":"https:\/\/www.gjutarenafve.com\/index.php?rest_route=\/wp\/v2\/posts\/3276","targetHints":{"allow":["GET"]}}],"collection":[{"href":"https:\/\/www.gjutarenafve.com\/index.php?rest_route=\/wp\/v2\/posts"}],"about":[{"href":"https:\/\/www.gjutarenafve.com\/index.php?rest_route=\/wp\/v2\/types\/post"}],"author":[{"embeddable":true,"href":"https:\/\/www.gjutarenafve.com\/index.php?rest_route=\/wp\/v2\/users\/2"}],"replies":[{"embeddable":true,"href":"https:\/\/www.gjutarenafve.com\/index.php?rest_route=%2Fwp%2Fv2%2Fcomments&post=3276"}],"version-history":[{"count":1,"href":"https:\/\/www.gjutarenafve.com\/index.php?rest_route=\/wp\/v2\/posts\/3276\/revisions"}],"predecessor-version":[{"id":3279,"href":"https:\/\/www.gjutarenafve.com\/index.php?rest_route=\/wp\/v2\/posts\/3276\/revisions\/3279"}],"wp:featuredmedia":[{"embeddable":true,"href":"https:\/\/www.gjutarenafve.com\/index.php?rest_route=\/wp\/v2\/media\/3278"}],"wp:attachment":[{"href":"https:\/\/www.gjutarenafve.com\/index.php?rest_route=%2Fwp%2Fv2%2Fmedia&parent=3276"}],"wp:term":[{"taxonomy":"category","embeddable":true,"href":"https:\/\/www.gjutarenafve.com\/index.php?rest_route=%2Fwp%2Fv2%2Fcategories&post=3276"},{"taxonomy":"post_tag","embeddable":true,"href":"https:\/\/www.gjutarenafve.com\/index.php?rest_route=%2Fwp%2Fv2%2Ftags&post=3276"}],"curies":[{"name":"wp","href":"https:\/\/api.w.org\/{rel}","templated":true}]}}